{"id":2392,"date":"2022-10-16T07:07:28","date_gmt":"2022-10-16T05:07:28","guid":{"rendered":"https:\/\/wiki.edv-cad.de\/nao-categorizado\/parametros-do-gabinete-corpo\/"},"modified":"2023-11-13T04:44:13","modified_gmt":"2023-11-13T03:44:13","slug":"parametros-do-gabinete-corpo","status":"publish","type":"post","link":"https:\/\/wiki.edv-cad.de\/pt-br\/elementoscad\/grupo-de-ferramentas\/configurando-o-gabinete\/parametros-do-gabinete-corpo\/","title":{"rendered":"Par\u00e2metros do gabinete &#8211; Corpo"},"content":{"rendered":"\n<h2 class=\"wp-block-heading\">Forma\u00e7\u00e3o de cantos das laterais do corpo<\/h2>\n\n<p>Aqui voc\u00ea pode definir a forma\u00e7\u00e3o de canto com valores sucessivos para os cantos Esquerda Inferior, Direita Inferior, Esquerda Superior, Direita Superior. Os valores poss\u00edveis para isso s\u00e3o:<\/p>\n\n<ul class=\"wp-block-list\"><li><strong>S<\/strong> &#8211; lado todo. Colis\u00f5es no solo<\/li><li><strong>B<\/strong> &#8211; Piso em toda parte. Notifica\u00e7\u00f5es da p\u00e1gina<\/li><li><strong>G<\/strong> &#8211; Mitra entre o lado e o fundo<\/li><li><strong>R<\/strong> &#8211; Lado inferior cont\u00ednuo e estendido pela altura da base (dispon\u00edvel apenas nos cantos inferiores)<\/li><\/ul>\n\n<h2 class=\"wp-block-heading\">Espessura da p\u00e1gina<\/h2>\n\n<p>Aqui, dois valores consecutivos podem ser usados para indicar a espessura do lado esquerdo e direito.<\/p>\n\n<h2 class=\"wp-block-heading\">Espa\u00e7amento lateral<\/h2>\n\n<p>Aqui, a dist\u00e2ncia dos lados para a frente\/costas\/topo e fundo do corpo pode ser ajustada com quatro valores consecutivos. Os quatro primeiros valores referem-se ao lado esquerdo, os demais ao lado direito.<\/p>\n\n<h2 class=\"wp-block-heading\">Desenhar p\u00e1gina \u00e0 esquerda e \u00e0 direita<\/h2>\n\n<p>Aqui voc\u00ea pode especificar com dois valores consecutivos se a <strong>linha<\/strong>ou <strong>o<\/strong>lado real deve ser desenhado.<\/p>\n\n<p>Um valor adicional de 0 ou 1 indica se os padr\u00f5es de broca s\u00e3o desenhados para componentes n\u00e3o vis\u00edveis (ocultos). Por exemplo, o orif\u00edcio de uma viga de prateleira seria desenhado em um lado do meio de uma prateleira oculta se um 1 fosse inserido aqui. (Isto n\u00e3o se aplica a fileiras de furos definidos por uma grade, estes s\u00e3o sempre desenhados). Padr\u00f5es de broca para componentes n\u00e3o vis\u00edveis tamb\u00e9m s\u00e3o usados para um gabinete composto por v\u00e1rios gabinetes.<\/p>\n\n<h2 class=\"wp-block-heading\">Espessura do solo<\/h2>\n\n<p>Aqui, a espessura do solo pode ser especificada com valores sucessivos para cada pavimento, desde o piso inferior at\u00e9 os quatro pavimentos intermedi\u00e1rios at\u00e9 o solo superior.<\/p>\n\n<h2 class=\"wp-block-heading\">Dist\u00e2ncia ao solo na frente<\/h2>\n\n<p>Aqui, a dist\u00e2ncia do piso \u00e0 frente da carca\u00e7a pode ser ajustada com valores sucessivos para cada piso, desde o piso inferior at\u00e9 \u00e0s quatro prateleiras intermedi\u00e1rias at\u00e9 ao piso superior.<\/p>\n\n<h2 class=\"wp-block-heading\">Largura do piso, desenho como uma viga transversal<\/h2>\n\n<p>Aqui, a largura do piso (na dire\u00e7\u00e3o da profundidade do arm\u00e1rio) pode ser ajustada com valores sucessivos para cada andar, desde o piso inferior at\u00e9 as quatro prateleiras intermedi\u00e1rias at\u00e9 o piso superior. Um valor positivo indica a largura absoluta do piso. Um valor negativo determina a dist\u00e2ncia do piso para tr\u00e1s para o interior da parede traseira (se presente, caso contr\u00e1rio, a borda posterior do corpo) e, portanto, a largura do piso em rela\u00e7\u00e3o \u00e0 parte de tr\u00e1s do corpo.<\/p>\n\n<p>Al\u00e9m disso, adicionando duas letras \u00e0 largura, pode-se determinar se o piso \u00e9 desenhado como uma trave na frente e\/ou atr\u00e1s. Os seguintes valores s\u00e3o poss\u00edveis:<\/p>\n\n<ul class=\"wp-block-list\"><li><strong>H<\/strong>orizontal<\/li><li><strong>V<\/strong>ertikal<\/li><li><strong>N\u00e3o<\/strong>desenhe<\/li><\/ul>\n\n<p>Uma entrada de 120HV desenharia o piso como uma trave horizontalmente na frente e verticalmente na parte de tr\u00e1s com uma largura de 120.<\/p>\n\n<p>80NV desenha o piso como uma treli\u00e7a apenas na parte de tr\u00e1s verticalmente com uma largura de 80.<\/p>\n\n<p>-100 desenha o ch\u00e3o com uma dist\u00e2ncia da parte de tr\u00e1s de 100<\/p>\n\n<h2 class=\"wp-block-heading\">Espessura do lado m\u00e9dio<\/h2>\n\n<p>Aqui, os valores sequenciais podem ser usados para especificar a espessura dos lados do meio para cada segmento de baixo para cima<\/p>\n\n<h2 class=\"wp-block-heading\">Dist\u00e2ncia entre o lado do meio e a frente<\/h2>\n\n<p>Aqui, valores sucessivos podem ser usados para cada segmento de baixo para cima para indicar a dist\u00e2ncia entre os lados do meio e a frente do corpo. Se o tipo de parada da frente estiver definido com os lados centrais vis\u00edveis, esse valor dever\u00e1 ser 0.<\/p>\n\n<p>Para cada segmento, dois valores s\u00e3o indicados separadamente por um I (para dentro). O primeiro valor aplica-se aos lados m\u00e9dios normais. O segundo \u00e9 para as laterais centrais internas, que s\u00e3o tratadas na dire\u00e7\u00e3o da dobradi\u00e7a da porta e na visibilidade do par\u00e2metro lateral central e permitem frentes transversais.<\/p>\n\n<h2 class=\"wp-block-heading\">Largura do lado do meio<\/h2>\n\n<p>Aqui, a largura do lado central (na dire\u00e7\u00e3o da profundidade do gabinete) pode ser ajustada com valores sucessivos para cada segmento de baixo para cima. Um valor positivo indica a largura absoluta. Um valor negativo determina a dist\u00e2ncia do lado m\u00e9dio para tr\u00e1s para o interior da parede traseira (se presente, caso contr\u00e1rio, a borda de fuga do corpo) e, portanto, a largura em rela\u00e7\u00e3o \u00e0 parte de tr\u00e1s do corpo.<\/p>\n\n<h2 class=\"wp-block-heading\">Espessura das prateleiras<\/h2>\n\n<p>Aqui, a espessura das prateleiras pode ser especificada com valores sucessivos para cada segmento de baixo para cima<\/p>\n\n<h2 class=\"wp-block-heading\">Dist\u00e2ncia entre a prateleira frontal e a prateleira<\/h2>\n\n<p>Aqui, valores sucessivos para cada segmento de baixo para cima podem ser usados para indicar a dist\u00e2ncia entre as prateleiras e a traseira da frente.<\/p>\n\n<h2 class=\"wp-block-heading\">Largura da prateleira<\/h2>\n\n<p>Aqui, a largura das prateleiras (na dire\u00e7\u00e3o da profundidade do gabinete) pode ser ajustada com valores sucessivos para cada segmento de baixo para cima. Um valor positivo indica a largura absoluta. Um valor negativo determina a dist\u00e2ncia da prateleira para tr\u00e1s para o interior da parede traseira (se presente, caso contr\u00e1rio, a borda de fuga da carca\u00e7a) e, portanto, a largura em rela\u00e7\u00e3o ao dorso da carca\u00e7a.<\/p>\n\n<h2 class=\"wp-block-heading\">Espessura de prateleiras intermedi\u00e1rias dentro de um segmento<\/h2>\n\n<p>Aqui, valores sucessivos para cada segmento de baixo para cima podem ser usados para indicar a espessura dos andares intermedi\u00e1rios <strong>dentro<\/strong> desse segmento<\/p>\n\n<h2 class=\"wp-block-heading\">Dist\u00e2ncia das prateleiras intermedi\u00e1rias dentro de um segmento para a frente<\/h2>\n\n<p>Aqui, valores sucessivos para cada segmento de baixo para cima podem ser usados para indicar a dist\u00e2ncia dos andares intermedi\u00e1rios <strong>dentro<\/strong> deste segmento para a frente para a frente. Se o tipo de parada frontal estiver definido em um ponto intermedi\u00e1rio e com fundos intermedi\u00e1rios vis\u00edveis, a dist\u00e2ncia refere-se \u00e0 borda frontal do corpo e deve ser 0.<\/p>\n\n<h2 class=\"wp-block-heading\">Largura das prateleiras intermedi\u00e1rias dentro de um segmento<\/h2>\n\n<p>Aqui, a largura das prateleiras intermedi\u00e1rias <strong>dentro<\/strong> desse segmento (na dire\u00e7\u00e3o da profundidade do gabinete) pode ser ajustada com valores sucessivos para cada segmento de baixo para cima. Um valor positivo indica a largura absoluta. Um valor negativo determina a dist\u00e2ncia da prateleira para tr\u00e1s para o interior da parede traseira (se presente, caso contr\u00e1rio, a borda de fuga da carca\u00e7a) e, portanto, a largura em rela\u00e7\u00e3o ao dorso da carca\u00e7a.<\/p>\n\n<h2 class=\"wp-block-heading\">Laterais centrais cont\u00ednuas nos pisos<\/h2>\n\n<p>Permite, entre outras coisas, p\u00e1ginas intermedi\u00e1rias cont\u00ednuas. Para cada andar (piso inferior ao andar superior com andares intermedi\u00e1rios), uma letra pode ser usada para indicar se:<\/p>\n\n<ul class=\"wp-block-list\"><li>B &#8211; atravessar os andares<\/li><li>M &#8211; atravessar os lados do meio<\/li><li>Z &#8211; as prateleiras passam, exceto os lados do meio que podem ser unidos entre si<\/li><\/ul>\n\n<p>Os lados do meio que podem ser unidos est\u00e3o na mesma posi\u00e7\u00e3o em dois segmentos um sobre o outro.<\/p>\n\n<p>No caso dos fundos inferior e superior, Z s\u00f3 permite a passagem dos lados m\u00e9dios, que j\u00e1 s\u00e3o cont\u00ednuos acima e abaixo do segmento, respectivamente.<\/p>\n<div class=\"wp-block-image\">\n<figure class=\"aligncenter size-full\"><img loading=\"lazy\" decoding=\"async\" width=\"416\" height=\"241\" src=\"https:\/\/wiki.edv-cad.de\/wp-content\/uploads\/2022\/10\/bodmsdurch.png\" alt=\"\" class=\"wp-image-308\" title=\"\" srcset=\"https:\/\/wiki.edv-cad.de\/wp-content\/uploads\/2022\/10\/bodmsdurch.png 416w, https:\/\/wiki.edv-cad.de\/wp-content\/uploads\/2022\/10\/bodmsdurch-300x174.png 300w\" sizes=\"auto, (max-width: 416px) 100vw, 416px\" \/><\/figure>\n<\/div>","protected":false},"excerpt":{"rendered":"<p>Forma\u00e7\u00e3o de cantos das laterais do corpo Aqui voc\u00ea pode definir a forma\u00e7\u00e3o de canto com valores sucessivos para os cantos Esquerda Inferior, Direita Inferior, Esquerda Superior, Direita Superior. Os valores poss\u00edveis para isso s\u00e3o: S &#8211; lado todo. Colis\u00f5es no solo B &#8211; Piso em toda parte. Notifica\u00e7\u00f5es da p\u00e1gina G &#8211; Mitra entre [&hellip;]<\/p>\n","protected":false},"author":1,"featured_media":0,"comment_status":"closed","ping_status":"open","sticky":false,"template":"","format":"standard","meta":{"ocean_post_layout":"","ocean_both_sidebars_style":"","ocean_both_sidebars_content_width":0,"ocean_both_sidebars_sidebars_width":0,"ocean_sidebar":"0","ocean_second_sidebar":"0","ocean_disable_margins":"enable","ocean_add_body_class":"","ocean_shortcode_before_top_bar":"","ocean_shortcode_after_top_bar":"","ocean_shortcode_before_header":"","ocean_shortcode_after_header":"","ocean_has_shortcode":"","ocean_shortcode_after_title":"","ocean_shortcode_before_footer_widgets":"","ocean_shortcode_after_footer_widgets":"","ocean_shortcode_before_footer_bottom":"","ocean_shortcode_after_footer_bottom":"","ocean_display_top_bar":"default","ocean_display_header":"default","ocean_header_style":"","ocean_center_header_left_menu":"0","ocean_custom_header_template":"0","ocean_custom_logo":0,"ocean_custom_retina_logo":0,"ocean_custom_logo_max_width":0,"ocean_custom_logo_tablet_max_width":0,"ocean_custom_logo_mobile_max_width":0,"ocean_custom_logo_max_height":0,"ocean_custom_logo_tablet_max_height":0,"ocean_custom_logo_mobile_max_height":0,"ocean_header_custom_menu":"0","ocean_menu_typo_font_family":"0","ocean_menu_typo_font_subset":"","ocean_menu_typo_font_size":0,"ocean_menu_typo_font_size_tablet":0,"ocean_menu_typo_font_size_mobile":0,"ocean_menu_typo_font_size_unit":"px","ocean_menu_typo_font_weight":"","ocean_menu_typo_font_weight_tablet":"","ocean_menu_typo_font_weight_mobile":"","ocean_menu_typo_transform":"","ocean_menu_typo_transform_tablet":"","ocean_menu_typo_transform_mobile":"","ocean_menu_typo_line_height":0,"ocean_menu_typo_line_height_tablet":0,"ocean_menu_typo_line_height_mobile":0,"ocean_menu_typo_line_height_unit":"","ocean_menu_typo_spacing":0,"ocean_menu_typo_spacing_tablet":0,"ocean_menu_typo_spacing_mobile":0,"ocean_menu_typo_spacing_unit":"","ocean_menu_link_color":"","ocean_menu_link_color_hover":"","ocean_menu_link_color_active":"","ocean_menu_link_background":"","ocean_menu_link_hover_background":"","ocean_menu_link_active_background":"","ocean_menu_social_links_bg":"","ocean_menu_social_hover_links_bg":"","ocean_menu_social_links_color":"","ocean_menu_social_hover_links_color":"","ocean_disable_title":"default","ocean_disable_heading":"default","ocean_post_title":"","ocean_post_subheading":"","ocean_post_title_style":"","ocean_post_title_background_color":"","ocean_post_title_background":0,"ocean_post_title_bg_image_position":"","ocean_post_title_bg_image_attachment":"","ocean_post_title_bg_image_repeat":"","ocean_post_title_bg_image_size":"","ocean_post_title_height":0,"ocean_post_title_bg_overlay":0.5,"ocean_post_title_bg_overlay_color":"","ocean_disable_breadcrumbs":"default","ocean_breadcrumbs_color":"","ocean_breadcrumbs_separator_color":"","ocean_breadcrumbs_links_color":"","ocean_breadcrumbs_links_hover_color":"","ocean_display_footer_widgets":"default","ocean_display_footer_bottom":"default","ocean_custom_footer_template":"0","ocean_post_oembed":"","ocean_post_self_hosted_media":"","ocean_post_video_embed":"","ocean_link_format":"","ocean_link_format_target":"self","ocean_quote_format":"","ocean_quote_format_link":"post","ocean_gallery_link_images":"on","ocean_gallery_id":[],"footnotes":""},"categories":[139],"tags":[191],"class_list":["post-2392","post","type-post","status-publish","format-standard","hentry","category-configurando-o-gabinete","tag-parametros-do-gabinete","entry"],"_links":{"self":[{"href":"https:\/\/wiki.edv-cad.de\/pt-br\/wp-json\/wp\/v2\/posts\/2392","targetHints":{"allow":["GET"]}}],"collection":[{"href":"https:\/\/wiki.edv-cad.de\/pt-br\/wp-json\/wp\/v2\/posts"}],"about":[{"href":"https:\/\/wiki.edv-cad.de\/pt-br\/wp-json\/wp\/v2\/types\/post"}],"author":[{"embeddable":true,"href":"https:\/\/wiki.edv-cad.de\/pt-br\/wp-json\/wp\/v2\/users\/1"}],"replies":[{"embeddable":true,"href":"https:\/\/wiki.edv-cad.de\/pt-br\/wp-json\/wp\/v2\/comments?post=2392"}],"version-history":[{"count":0,"href":"https:\/\/wiki.edv-cad.de\/pt-br\/wp-json\/wp\/v2\/posts\/2392\/revisions"}],"wp:attachment":[{"href":"https:\/\/wiki.edv-cad.de\/pt-br\/wp-json\/wp\/v2\/media?parent=2392"}],"wp:term":[{"taxonomy":"category","embeddable":true,"href":"https:\/\/wiki.edv-cad.de\/pt-br\/wp-json\/wp\/v2\/categories?post=2392"},{"taxonomy":"post_tag","embeddable":true,"href":"https:\/\/wiki.edv-cad.de\/pt-br\/wp-json\/wp\/v2\/tags?post=2392"}],"curies":[{"name":"wp","href":"https:\/\/api.w.org\/{rel}","templated":true}]}}