{"id":1527,"date":"2022-10-16T06:59:31","date_gmt":"2022-10-16T04:59:31","guid":{"rendered":"https:\/\/wiki.edv-cad.de\/nao-categorizado\/parametros-do-gabinete-segmentos\/"},"modified":"2023-11-13T04:43:59","modified_gmt":"2023-11-13T03:43:59","slug":"parametros-do-gabinete-segmentos","status":"publish","type":"post","link":"https:\/\/wiki.edv-cad.de\/pt-br\/elementoscad\/grupo-de-ferramentas\/configurando-o-gabinete\/parametros-do-gabinete-segmentos\/","title":{"rendered":"Par\u00e2metros do gabinete &#8211; Segmentos"},"content":{"rendered":"\n<h2 class=\"wp-block-heading\">Altura do Segmento<\/h2>\n\n<p>Um gabinete consiste em at\u00e9 cinco segmentos empilhados. A altura indicada aqui sempre se refere ao meio dos andares intermedi\u00e1rios. Para o primeiro segmento, na borda inferior do piso inferior, e para o \u00faltimo segmento, na parte superior do piso superior. As alturas da tampa e do rodap\u00e9 que contribuem para a altura total s\u00e3o inseridas em um campo separado.<\/p>\n\n<h3 class=\"wp-block-heading\">Segmentos de c\u00f3pia f\u00e1cil<\/h3>\n\n<p>Ao inserir um inteiro negativo, um segmento abaixo dele pode ser copiado em sua totalidade. Por exemplo, se voc\u00ea quiser copiar os valores do segmento Inferior, que s\u00e3o dois segmentos abaixo, insira <strong>&#8211; 2<\/strong> no campo Altura.<\/p>\n\n<h3 class=\"wp-block-heading\">Estender a altura do segmento at\u00e9 a altura total<\/h3>\n\n<p>A inser\u00e7\u00e3o de uma medida negativa aumenta ou diminui a altura do segmento pelo valor faltante. Se, por exemplo, para um gabinete com uma altura total existente de 740mm (600mm na parte inferior do segmento, 140mm na parte inferior central do segmento), o valor &#8211; 800mm for inserido no campo Altura da parte inferior central do segmento, este ser\u00e1 estendido de 60mm a <strong>200mm<\/strong> .<\/p>\n\n<h2 class=\"wp-block-heading\">Manipular rota\u00e7\u00e3o e posi\u00e7\u00f5es no segmento<\/h2>\n\n<p>O campo \u00e9 composto por duas se\u00e7\u00f5es.<\/p>\n\n<ol class=\"wp-block-list\"><li>Um \u00fanico valor para o n\u00famero de graus de rota\u00e7\u00e3o da al\u00e7a<\/li><li>V\u00e1rios valores para a posi\u00e7\u00e3o da al\u00e7a em uma frente dentro de uma divis\u00e3o vertical. As frentes sobrepostas de um segmento (divis\u00e3o horizontal) t\u00eam a mesma posi\u00e7\u00e3o.<\/li><\/ol>\n\n<p>O valor de uma posi\u00e7\u00e3o de al\u00e7a consiste em dois caracteres para a posi\u00e7\u00e3o horizontal e vertical na frente:<\/p>\n\n<ol class=\"wp-block-list\"><li>Posi\u00e7\u00f5es horizontais: esquerda, direita, <strong>meio<\/strong>e <strong>2<\/strong> para uma pegada dupla face <strong>esquerda<\/strong> e <strong>direita<\/strong><\/li><li>Posi\u00e7\u00f5es verticais: <strong>U<\/strong>nten, <strong>Half<\/strong>, <strong>O<\/strong>en<\/li><li>O <strong>caractere N<\/strong> n\u00e3o desenha uma al\u00e7a na posi\u00e7\u00e3o<\/li><\/ol>\n\n<p>Exemplo: U Handle Red\u00b0 Pos LRM2:OMU\/N90 RO N LO<\/p>\n\n<p>A al\u00e7a \u00e9 girada em 90\u00b0. As posi\u00e7\u00f5es para uma divis\u00e3o vertical tripla s\u00e3o da esquerda para a direita: Superior Direita, Sem Al\u00e7a e Superior Esquerda<\/p>\n\n<h2 class=\"wp-block-heading\">Subdivis\u00e3o de um segmento<\/h2>\n\n<p>O campo \u00e9 composto por tr\u00eas valores consecutivos<\/p>\n\n<ol class=\"wp-block-list\"><li>Divis\u00e3o vertical: n\u00famero de pe\u00e7as pr\u00f3ximas umas das outras<\/li><li>Divis\u00e3o horizontal: n\u00famero de pe\u00e7as umas sobre as outras (sem compartimentos!)<\/li><li>Lado central (V) ou prateleira intermedi\u00e1ria (H) cont\u00ednua<\/li><\/ol>\n\n<p>A divis\u00e3o vertical determina o n\u00famero de compartimentos separados por lados centrais. \u00c9 irrelevante se o lado do meio est\u00e1 desenhado na posi\u00e7\u00e3o ou n\u00e3o. Veja <a href=\"#Sichtbarkeit\">o campo lateral central.<\/a><\/p>\n\n<p>A divis\u00e3o horizontal desenha outros andares intermedi\u00e1rios. Destina-se principalmente a gavetas adicionais umas sobre as outras em um segmento e sobrep\u00f5e-se \u00e0s prateleiras.<\/p>\n\n<p>Se houver lados m\u00e9dios e andares intermedi\u00e1rios dentro de um segmento, o terceiro par\u00e2metro especifica qual dos dois \u00e9 tra\u00e7ado nos pontos de interse\u00e7\u00e3o.<\/p>\n\n<p>Exemplo: Subdivis\u00e3o Vertical Horizontal5 2 V<\/p>\n\n<p>O segmento tem cinco partes pr\u00f3ximas umas das outras e, portanto, quatro lados do meio, bem como duas partes em cima uma da outra e, portanto, um piso intermedi\u00e1rio. O piso intermedi\u00e1rio encontra os lados do meio.<\/p>\n\n<h2 class=\"wp-block-heading\" id=\"Sichtbarkeit\">Dire\u00e7\u00e3o da dobradi\u00e7a da porta e visibilidade do lado do meio<\/h2>\n\n<p>O campo \u00e9 composto por valores sequenciais alternados para a dire\u00e7\u00e3o de uma parada de porta dentro de um segmento, seguido pela visibilidade do lado central.<\/p>\n\n<p>Para a posi\u00e7\u00e3o das dobradi\u00e7as da porta, ou seja, as dobradi\u00e7as da porta, quatro possibilidades s\u00e3o conceb\u00edveis:<\/p>\n\n<figure class=\"wp-block-table\"><table><tbody><tr><th>Posi\u00e7\u00e3o<\/th><th>Sinal<\/th><th>Apresentado como<\/th><\/tr><tr><td>Esquerda<\/td><td>L, l, &gt;<\/td><td><strong>&gt;<\/strong><\/td><\/tr><tr><td>Certo<\/td><td>R, r,  <\/td><td><strong>&lt;<\/strong><\/td><\/tr><tr><td>Acima<\/td><td>O, o,<\/td><td><strong>O<\/strong><\/td><\/tr><tr><td>Abaixo<\/td><td>U, u<\/td><td><strong>U<\/strong><\/td><\/tr><\/tbody><\/table><\/figure>\n\n<p>A visibilidade ou forma\u00e7\u00e3o do lado do meio \u00e9 regulada aqui por um car\u00e1ter de controle:<\/p>\n\n<figure class=\"wp-block-table\"><table><tbody><tr><th>Forma\u00e7\u00e3o<\/th><th>Sinal<\/th><th>Apresentado como<\/th><\/tr><tr><td>Invis\u00edvel<\/td><td>n, x, 0<\/td><td><strong>\u2022<\/strong><\/td><\/tr><tr><td>Dentro<\/td><td>eu!<\/td><td><strong>!<\/strong><\/td><\/tr><tr><td>Normal<\/td><td>j, y, 1<\/td><td><strong>|<\/strong><\/td><\/tr><\/tbody><\/table><\/figure>\n\n<p>Exemplo: Stroke L\/R\/O\/U MitSei J\/N: r j l n o<\/p>\n\n<p>Esta sequ\u00eancia de sinais significa que a primeira porta \u00e9 articulada da esquerda para a direita. Em seguida, uma p\u00e1gina do meio \u00e9 desenhada. A porta do meio \u00e9 articulada no lado esquerdo deste lado central. O pr\u00f3ximo lado central est\u00e1 ausente e o segmento termina com uma aba articulada na parte superior.<\/p>\n\n<p>Por uma quest\u00e3o de clareza, as entradas s\u00e3o apresentadas da seguinte forma: Stroke L\/R\/O\/U MitSei Y\/N:  \u2022 O<\/p>\n\n<h3 class=\"wp-block-heading\">Consolida\u00e7\u00e3o de frentes adjacentes<\/h3>\n\n<p>O lado central interno \u00e9 um caso especial para frentes que abrangem o lado do meio. Neste caso, duas frentes podem ser combinadas a partir de partes adjacentes. Esta consolida\u00e7\u00e3o s\u00f3 \u00e9 realizada no caso de laterais centrais internas (!) ou invis\u00edveis (\u2022) e tamb\u00e9m apenas se a dire\u00e7\u00e3o de dobradi\u00e7a das portas adjacentes for a mesma. L\/R\/O\/U MitSei J\/N: &lt; ! &lt; |  <\/p>\n\n<p>Esta sequ\u00eancia de caracteres significa uma divis\u00e3o do segmento em tr\u00eas partes. A primeira e a segunda partes s\u00e3o separadas por um lado m\u00e9dio interno. Como a dire\u00e7\u00e3o de ataque nessas duas partes est\u00e1 \u00e0 esquerda, a frente \u00e9 combinada e atingida \u00e0 esquerda (ou seja, no lado esquerdo do corpo).<\/p>\n\n<p>A terceira parte \u00e9 ent\u00e3o separada das duas primeiras por um lado m\u00e9dio normal e, assim, uma porta separada \u00e9 desenhada l\u00e1, que tamb\u00e9m \u00e9 articulada \u00e0 esquerda.<\/p>\n\n<p>A dist\u00e2ncia entre os lados m\u00e9dios internos pode ser ajustada segmento a segmento no par\u00e2metro Distance Middle Side Front.<\/p>\n\n<h2 class=\"wp-block-heading\">Espa\u00e7amento dos lados do meio<\/h2>\n\n<p>O campo permite que os lados centrais sejam divididos manualmente sobre a largura do gabinete de um segmento. H\u00e1 duas maneiras de fazer isso:<\/p>\n\n<ul class=\"wp-block-list\"><li>Prateleiras da mesma largura (padr\u00e3o). A largura dispon\u00edvel de todos os lados m\u00e9dios n\u00e3o fixos \u00e9 dividida de tal forma que os compartimentos tenham a mesma largura clara.<\/li><li>Frentes da mesma largura. Entra em vigor assim que o sinal = \u00e9 inserido no campo. A largura dispon\u00edvel \u00e9 distribu\u00edda uniformemente, levando em conta as juntas dianteiras, de modo que as frentes sejam da mesma largura.<\/li><\/ul>\n\n<p>As informa\u00e7\u00f5es ausentes s\u00e3o calculadas uniformemente distribu\u00eddas para a largura restante.<\/p>\n\n<p>Exemplo das mesmas frentes: MS clear width (=front\/compartment)200 = = 200<\/p>\n\n<p>Esta sequ\u00eancia de sinais para uma subdivis\u00e3o vertical de quatro partes de um semgent significa:<\/p>\n\n<ul class=\"wp-block-list\"><li>A dist\u00e2ncia entre o lado esquerdo do corpo e o meio do primeiro lado do corpo \u00e9 de 200mm &#8211; o mesmo que a dist\u00e2ncia entre o meio do \u00faltimo lado do corpo e o lado direito do corpo<\/li><li>O lado do meio entre eles \u00e9 distribu\u00eddo uniformemente, de modo que a largura dianteira da segunda e terceira portas \u00e9 a mesma. Com larguras frontais igualmente distribu\u00eddas, diferentes juntas frontais \u00e0 esquerda, direita e vertical s\u00e3o levadas em conta.<\/li><li>O n\u00famero de p\u00e1ginas do meio \u00e9 definido pelo campo Subdivis\u00e3o<\/li><\/ul>\n\n<p>Exemplo dos mesmos assuntos: MS largura clara (=frente\/compartimento)200 200 0 0<\/p>\n\n<p>Como a especifica\u00e7\u00e3o de 0 \u00e9 contada como um caractere para as mesmas larguras de assunto, essas entradas s\u00e3o exibidas da seguinte maneira: MS clear width (=front\/compartment)200 200 &#8211; &#8211;<\/p>\n\n<p>Esta sequ\u00eancia de sinais para uma subdivis\u00e3o vertical de quatro partes de uma semg significa:<\/p>\n\n<ul class=\"wp-block-list\"><li>A dist\u00e2ncia entre o lado esquerdo do corpo e o meio do primeiro lado m\u00e9dio e, em seguida, para o meio do segundo lado m\u00e9dio \u00e9 de 200mm cada<\/li><li>O lado central seguinte \u00e9 distribu\u00eddo uniformemente, de modo que a luz da segunda e terceira portas \u00e9 a mesma. Diferentes espessuras das laterais e laterais do meio s\u00e3o levadas em conta.<\/li><li>O n\u00famero de p\u00e1ginas do meio \u00e9 definido pelo campo Subdivis\u00e3o<\/li><\/ul>\n\n<h2 class=\"wp-block-heading\">Classifica\u00e7\u00e3o das prateleiras<\/h2>\n\n<p>Especifica o n\u00famero de prateleiras. Uma grade (por exemplo, 32mm) pode ser usada, que \u00e9 indicada pelo caractere *. O ponto de refer\u00eancia da grade \u00e9 a borda inferior do piso do segmento, que pode ser um piso intermedi\u00e1rio ou o piso inferior.<\/p>\n\n<p>Exemplo: N\u00famero de compartimentos &gt; fundo: 2*32<\/p>\n\n<p>Cria duas prateleiras uniformemente espa\u00e7adas e as move para o ponto mais pr\u00f3ximo da grade de 32 mm.<\/p>\n\n<p>Os valores calculados s\u00e3o anexados ao campo N\u00famero de parti\u00e7\u00f5es dos compartimentos &gt; fundo: 2*32 192 384<\/p>\n\n<p>A primeira prateleira est\u00e1 192mm acima do piso do segmento, a segunda 384mm.<\/p>\n\n<p>Essas medidas indicam a diferen\u00e7a de altura entre a borda inferior do piso do segmento atual e a prateleira. As alturas tamb\u00e9m podem ser definidas manualmente. Se uma grade for definida, as alturas inseridas ser\u00e3o alinhadas e ajustadas de acordo. Se nenhuma grade for desejada, o operador * pode ser omitido. Em seguida, \u00e9 complementado na forma 2*0.<\/p>\n","protected":false},"excerpt":{"rendered":"<p>Altura do Segmento Um gabinete consiste em at\u00e9 cinco segmentos empilhados. A altura indicada aqui sempre se refere ao meio dos andares intermedi\u00e1rios. Para o primeiro segmento, na borda inferior do piso inferior, e para o \u00faltimo segmento, na parte superior do piso superior. As alturas da tampa e do rodap\u00e9 que contribuem para a [&hellip;]<\/p>\n","protected":false},"author":1,"featured_media":0,"comment_status":"closed","ping_status":"open","sticky":false,"template":"","format":"standard","meta":{"ocean_post_layout":"","ocean_both_sidebars_style":"","ocean_both_sidebars_content_width":0,"ocean_both_sidebars_sidebars_width":0,"ocean_sidebar":"0","ocean_second_sidebar":"0","ocean_disable_margins":"enable","ocean_add_body_class":"","ocean_shortcode_before_top_bar":"","ocean_shortcode_after_top_bar":"","ocean_shortcode_before_header":"","ocean_shortcode_after_header":"","ocean_has_shortcode":"","ocean_shortcode_after_title":"","ocean_shortcode_before_footer_widgets":"","ocean_shortcode_after_footer_widgets":"","ocean_shortcode_before_footer_bottom":"","ocean_shortcode_after_footer_bottom":"","ocean_display_top_bar":"default","ocean_display_header":"default","ocean_header_style":"","ocean_center_header_left_menu":"0","ocean_custom_header_template":"0","ocean_custom_logo":0,"ocean_custom_retina_logo":0,"ocean_custom_logo_max_width":0,"ocean_custom_logo_tablet_max_width":0,"ocean_custom_logo_mobile_max_width":0,"ocean_custom_logo_max_height":0,"ocean_custom_logo_tablet_max_height":0,"ocean_custom_logo_mobile_max_height":0,"ocean_header_custom_menu":"0","ocean_menu_typo_font_family":"0","ocean_menu_typo_font_subset":"","ocean_menu_typo_font_size":0,"ocean_menu_typo_font_size_tablet":0,"ocean_menu_typo_font_size_mobile":0,"ocean_menu_typo_font_size_unit":"px","ocean_menu_typo_font_weight":"","ocean_menu_typo_font_weight_tablet":"","ocean_menu_typo_font_weight_mobile":"","ocean_menu_typo_transform":"","ocean_menu_typo_transform_tablet":"","ocean_menu_typo_transform_mobile":"","ocean_menu_typo_line_height":0,"ocean_menu_typo_line_height_tablet":0,"ocean_menu_typo_line_height_mobile":0,"ocean_menu_typo_line_height_unit":"","ocean_menu_typo_spacing":0,"ocean_menu_typo_spacing_tablet":0,"ocean_menu_typo_spacing_mobile":0,"ocean_menu_typo_spacing_unit":"","ocean_menu_link_color":"","ocean_menu_link_color_hover":"","ocean_menu_link_color_active":"","ocean_menu_link_background":"","ocean_menu_link_hover_background":"","ocean_menu_link_active_background":"","ocean_menu_social_links_bg":"","ocean_menu_social_hover_links_bg":"","ocean_menu_social_links_color":"","ocean_menu_social_hover_links_color":"","ocean_disable_title":"default","ocean_disable_heading":"default","ocean_post_title":"","ocean_post_subheading":"","ocean_post_title_style":"","ocean_post_title_background_color":"","ocean_post_title_background":0,"ocean_post_title_bg_image_position":"","ocean_post_title_bg_image_attachment":"","ocean_post_title_bg_image_repeat":"","ocean_post_title_bg_image_size":"","ocean_post_title_height":0,"ocean_post_title_bg_overlay":0.5,"ocean_post_title_bg_overlay_color":"","ocean_disable_breadcrumbs":"default","ocean_breadcrumbs_color":"","ocean_breadcrumbs_separator_color":"","ocean_breadcrumbs_links_color":"","ocean_breadcrumbs_links_hover_color":"","ocean_display_footer_widgets":"default","ocean_display_footer_bottom":"default","ocean_custom_footer_template":"0","ocean_post_oembed":"","ocean_post_self_hosted_media":"","ocean_post_video_embed":"","ocean_link_format":"","ocean_link_format_target":"self","ocean_quote_format":"","ocean_quote_format_link":"post","ocean_gallery_link_images":"on","ocean_gallery_id":[],"footnotes":""},"categories":[139],"tags":[191],"class_list":["post-1527","post","type-post","status-publish","format-standard","hentry","category-configurando-o-gabinete","tag-parametros-do-gabinete","entry"],"_links":{"self":[{"href":"https:\/\/wiki.edv-cad.de\/pt-br\/wp-json\/wp\/v2\/posts\/1527","targetHints":{"allow":["GET"]}}],"collection":[{"href":"https:\/\/wiki.edv-cad.de\/pt-br\/wp-json\/wp\/v2\/posts"}],"about":[{"href":"https:\/\/wiki.edv-cad.de\/pt-br\/wp-json\/wp\/v2\/types\/post"}],"author":[{"embeddable":true,"href":"https:\/\/wiki.edv-cad.de\/pt-br\/wp-json\/wp\/v2\/users\/1"}],"replies":[{"embeddable":true,"href":"https:\/\/wiki.edv-cad.de\/pt-br\/wp-json\/wp\/v2\/comments?post=1527"}],"version-history":[{"count":0,"href":"https:\/\/wiki.edv-cad.de\/pt-br\/wp-json\/wp\/v2\/posts\/1527\/revisions"}],"wp:attachment":[{"href":"https:\/\/wiki.edv-cad.de\/pt-br\/wp-json\/wp\/v2\/media?parent=1527"}],"wp:term":[{"taxonomy":"category","embeddable":true,"href":"https:\/\/wiki.edv-cad.de\/pt-br\/wp-json\/wp\/v2\/categories?post=1527"},{"taxonomy":"post_tag","embeddable":true,"href":"https:\/\/wiki.edv-cad.de\/pt-br\/wp-json\/wp\/v2\/tags?post=1527"}],"curies":[{"name":"wp","href":"https:\/\/api.w.org\/{rel}","templated":true}]}}