{"id":3515,"date":"2024-04-29T05:45:33","date_gmt":"2024-04-29T03:45:33","guid":{"rendered":"https:\/\/wiki.edv-cad.de\/non-classifiee\/armoire-de-pre-configuration\/"},"modified":"2024-04-29T05:45:43","modified_gmt":"2024-04-29T03:45:43","slug":"armoire-de-pre-configuration","status":"publish","type":"post","link":"https:\/\/wiki.edv-cad.de\/fr\/elementscad-fr\/groupe-doutils\/configuration-de-larmoire\/armoire-de-pre-configuration\/","title":{"rendered":"Armoire de pr\u00e9-configuration"},"content":{"rendered":"\n<p>Dans la bo\u00eete de dialogue \u00ab\u00a0Configurer l\u2019armoire\u00a0\u00bb, l\u2019onglet \u00ab\u00a0Configurations\u00a0\u00bb permet d\u2019effectuer certaines pr\u00e9configurations fr\u00e9quemment n\u00e9cessaires.<\/p>\n\n<h2 class=\"wp-block-heading\">Tiroirs int\u00e9rieurs<\/h2>\n\n<figure class=\"wp-block-image size-full\"><img loading=\"lazy\" decoding=\"async\" width=\"298\" height=\"351\" src=\"https:\/\/wiki.edv-cad.de\/wp-content\/uploads\/2022\/10\/preconf_inner_drawers_dlg.png\" alt=\"\" class=\"wp-image-138\" title=\"nombre de\" srcset=\"https:\/\/wiki.edv-cad.de\/wp-content\/uploads\/2022\/10\/preconf_inner_drawers_dlg.png 298w, https:\/\/wiki.edv-cad.de\/wp-content\/uploads\/2022\/10\/preconf_inner_drawers_dlg-255x300.png 255w\" sizes=\"auto, (max-width: 298px) 100vw, 298px\" \/><\/figure>\n\n<h3 class=\"wp-block-heading\">Cases \u00e0 cocher des segments<\/h3>\n\n<p>Sp\u00e9cifie les segments pour lesquels les tiroirs internes sont cr\u00e9\u00e9s.<\/p>\n\n<p>Si, par exemple, des tiroirs doivent \u00eatre cr\u00e9\u00e9s pour les deux segments inf\u00e9rieurs et <em>interm\u00e9diaires<\/em>, ces deux segments doivent \u00e9galement \u00eatre pr\u00e9sents pour <em> <\/em>l\u2019armoire active.<\/p>\n\n<h3 class=\"wp-block-heading\">Pouss\u00e9e d\u2019air \u00e0 l\u2019avant<\/h3>\n\n<p>D\u00e9termine l\u2019air des tiroirs qui s\u2019ouvrent jusqu\u2019au bord avant de la carcasse.<\/p>\n\n<h3 class=\"wp-block-heading\">Angle de faisceau (segments U -&gt; O)<\/h3>\n\n<p>Affiche la face avant d\u00e9tach\u00e9e nouvellement cr\u00e9\u00e9e ouverte en fonction de l\u2019angle d\u2019ouverture.<\/p>\n\n<h2 class=\"wp-block-heading\">Se propage<\/h2>\n\n<p><\/p>\n\n<h3 class=\"wp-block-heading\">Protub\u00e9rance avant gauche \/ arri\u00e8re gauche \/ avant droite \/ arri\u00e8re droite<\/h3>\n\n<p>Sp\u00e9cifie la saillie des doubles pages sur les c\u00f4t\u00e9s de la carcasse pour l\u2019objet armoire nouvellement cr\u00e9\u00e9.<\/p>\n\n<p>Cet objet suppl\u00e9mentaire se compose de seulement deux c\u00f4t\u00e9s doubles ou carcasse et sa largeur de corps est automatiquement augment\u00e9e de deux fois l\u2019\u00e9paisseur de la page et automatiquement align\u00e9e selon une armoire avec des c\u00f4t\u00e9s d\u2019extr\u00e9mit\u00e9.<\/p>\n\n<h3 class=\"wp-block-heading\">Hauteur de la base<\/h3>\n\n<p>Affiche la hauteur de base de l\u2019armoire active et peut \u00e9galement y \u00eatre modifi\u00e9e pour les deux objets.<\/p>\n\n<h3 class=\"wp-block-heading\">Extension par la hauteur du socle<\/h3>\n\n<p>Lorsqu\u2019il est activ\u00e9, le double c\u00f4t\u00e9 ou le c\u00f4t\u00e9 d\u2019extr\u00e9mit\u00e9 est tir\u00e9 vers le haut jusqu\u2019au bord inf\u00e9rieur de la base.<\/p>\n\n<h2 class=\"wp-block-heading\">Fa\u00e7ade sans poign\u00e9e<\/h2>\n\n<figure class=\"wp-block-table\"><table><tbody><tr><td><\/td><td><\/td><td><\/td><\/tr><\/tbody><\/table><\/figure>\n\n<h3 class=\"wp-block-heading\">Segments (U -&gt; O)<\/h3>\n\n<p>Sp\u00e9cifie la cote de liaison requise pour la formation d\u2019une fa\u00e7ade sans poign\u00e9e dans les segments. Seuls les segments existants de l\u2019armoire active sont affich\u00e9s. Ceux-ci sont ensuite affich\u00e9s dans le param\u00e8tre Front Addition Top (Configurer Armoire-&gt;Avant&gt;Encore&gt;Train. Si. assign\u00e9.<\/p>\n\n<h3 class=\"wp-block-heading\">Hauteur de d\u00e9coupe<\/h3>\n\n<p>D\u00e9finit la hauteur de la d\u00e9coupe des c\u00f4t\u00e9s du corps.<\/p>\n\n<h3 class=\"wp-block-heading\">Profondeur de d\u00e9coupe<\/h3>\n\n<p>D\u00e9finit la profondeur de la d\u00e9coupe des c\u00f4t\u00e9s du corps vers le mur arri\u00e8re.<\/p>\n\n<h3 class=\"wp-block-heading\">Rayon de d\u00e9coupe<\/h3>\n\n<p>D\u00e9finit le rayon des coins int\u00e9rieurs de la d\u00e9coupe des c\u00f4t\u00e9s du corps.<\/p>\n\n<h2 class=\"wp-block-heading\">C\u00f4t\u00e9s en guise de goujons<\/h2>\n\n<p><\/p>\n\n<h3 class=\"wp-block-heading\">Crampons de force gauche \/ droite<\/h3>\n\n<p>D\u00e9finit la section transversale des goujons.<\/p>\n\n<h3 class=\"wp-block-heading\">Epaisseur Remplissage Gauche \/ Droite<\/h3>\n\n<p>D\u00e9finit l\u2019\u00e9paisseur de l\u2019obturation nouvellement g\u00e9n\u00e9r\u00e9e entre les montants.<\/p>\n\n<h3 class=\"wp-block-heading\">Rainure profonde gauche \/ droite<\/h3>\n\n<p>D\u00e9finit la profondeur de rainure des remplissages par rapport aux taquets dans la direction de la paroi arri\u00e8re \/ avant.<\/p>\n\n<h3 class=\"wp-block-heading\">Distance de remplissage \u00e0 l\u2019int\u00e9rieur gauche \/ droite<\/h3>\n\n<p>D\u00e9finit la distance entre le remplissage et l\u2019ext\u00e9rieur du corps de l\u2019armoire active.<\/p>\n\n<h3 class=\"wp-block-heading\">R\u00e9initialiser les taquets (dessiner les pages normalement)<\/h3>\n\n<p>Lorsqu\u2019il est activ\u00e9, le taquet est r\u00e9initialis\u00e9 et un c\u00f4t\u00e9 normal de la carrosserie est reconstruit. Les valeurs de Epaisseur du Remplissage sont utilis\u00e9es pour l\u2019Epaisseur de la page Gauche \/ Droite.<\/p>\n\n<h2 class=\"wp-block-heading\">Garde-robe \u00e0 v\u00eatements<\/h2>\n\n<p>Cette pr\u00e9configuration informe l\u2019utilisateur que la configuration d\u2019une tringle \u00e0 v\u00eatements est effectu\u00e9e dans la bo\u00eete de dialogue Sch\u00e9ma de per\u00e7age-poutre-tringle <a href=\"https:\/\/wiki.edv-cad.de\/fr\/elementscam-fr\/modeles-de-percage-tringle-a-vetements\/\">\u00e0<\/a> v\u00eatements&gt;&gt;. Lorsque vous cliquez sur le graphique, la bo\u00eete de dialogue s\u2019ouvre dans l\u2019onglet Porte-bacs.<\/p>\n\n<h2 class=\"wp-block-heading\">\u00c9blouir<\/h2>\n\n<p>Cette pr\u00e9-configuration informe l\u2019utilisateur que sa configuration se fait dans la bo\u00eete de dialogue \u00ab\u00a0Ouverture\u00a0\u00bb. La bo\u00eete de dialogue se trouve dans le menu ElementsCAD&gt;Cabinet&gt;Panel et s\u2019ouvre par un clic de souris sur le graphique.<\/p>\n\n<h2 class=\"wp-block-heading\">Fa\u00e7ades globales<\/h2>\n\n<p>La bo\u00eete de dialogue des fronts crois\u00e9s permet de regrouper les fronts sur plusieurs pages centrales<\/p>\n\n<h3 class=\"wp-block-heading\">Hauteur des segments<\/h3>\n\n<p>Ici, il est possible d\u2019ajuster les hauteurs de segment de l\u2019armoire active, qui sont d\u00e9j\u00e0 pr\u00e9d\u00e9finies dans la palette d\u2019informations.<\/p>\n\n<h3 class=\"wp-block-heading\">Pi\u00e8ces (verticales)<\/h3>\n\n<p>En plus de la hauteur, le nombre de segments verticaux de l\u2019armoire active peut \u00eatre corrig\u00e9 ici. Il est d\u00e9j\u00e0 d\u00e9fini \u00e0 l\u2019avance dans les champs de param\u00e8tre \u00ab\u00a0Subdivision Vertical Horizontal\u00a0\u00bb des segments respectifs.<\/p>\n\n<h3 class=\"wp-block-heading\">Fa\u00e7ades globales &#8211; Bouton Fa\u00e7ades<\/h3>\n\n<p><\/p>\n\n<p>Dans cette bo\u00eete de dialogue, les fronts peuvent \u00eatre d\u00e9finis \u00e0 l\u2019int\u00e9rieur d\u2019un segment, qui peut s\u2019\u00e9tendre sur plusieurs pages centrales.<\/p>\n\n<p>En plus d\u2019ajuster la position de la poign\u00e9e pour chaque fa\u00e7ade adjacente, il existe \u00e9galement un curseur qui indique combien de fa\u00e7ades sont combin\u00e9es. Il est important de proc\u00e9der du curseur de gauche \u00e0 droite. Les curseurs des fa\u00e7ades qui ont d\u00e9j\u00e0 \u00e9t\u00e9 combin\u00e9es sont gris\u00e9s.<\/p>\n\n<p>Remarque : Si vous souhaitez qu\u2019une fa\u00e7ade s\u2019\u00e9tende en hauteur sur une ou plusieurs \u00e9tag\u00e8res interm\u00e9diaires, vous pouvez le faire via l\u2019articulation frontale correspondante (Configurer l\u2019armoire&gt;onglet Avant-&gt; train de colonnes. Ob \/ Unt).<\/p>\n\n<h2 class=\"wp-block-heading\">Couvercle d\u00e9coup\u00e9<\/h2>\n\n<p><\/p>\n\n<p>Cette bo\u00eete de dialogue permet de cr\u00e9er rapidement et facilement des d\u00e9coupes, telles que celles n\u00e9cessaires pour les plans de travail.<\/p>\n\n<h3 class=\"wp-block-heading\">Comptoir<\/h3>\n\n<p>Dimension L * W Affichage de la taille du plan de travail de l\u2019armoire active. Force L\u2019\u00e9paisseur du comptoir. Protub\u00e9rance Avant\/Gauche\/Droite\/Arri\u00e8re Protub\u00e9rances du plan de travail aux dimensions ext\u00e9rieures de l\u2019armoire active.<\/p>\n\n<h3 class=\"wp-block-heading\">Encolure<\/h3>\n\n<p>Distance Gauche Distance entre le bord gauche du plan de travail et le bord gauche de la d\u00e9coupe. Grande largeur de la d\u00e9coupe du plan de travail. Distance \u00e0 droite Distance entre le bord droit du plan de travail et le bord droit de la d\u00e9coupe. Distance avant Distance entre le bord avant du plan de travail et le bord avant de la d\u00e9coupe. Profondeur profonde de l\u2019encolure. Distance \u00e0 l\u2019arri\u00e8re : Distance entre le bord arri\u00e8re du plan de travail et le bord arri\u00e8re de la d\u00e9coupe. Rayon des coins Rayon permettant d\u2019arrondir les coins de la d\u00e9coupe<\/p>\n\n<h3 class=\"wp-block-heading\">Treillis<\/h3>\n\n<p>Ces param\u00e8tres refl\u00e8tent les valeurs des param\u00e8tres de l\u2019onglet Corps de l\u2019armoire Configurer l\u2019armoire active. Si le param\u00e8tre par d\u00e9faut reste inchang\u00e9, un \u00e9tage sup\u00e9rieur continu sans barre transversale est cr\u00e9\u00e9. Ex\u00e9cutionCe graphique cliquable d\u00e9finit les fermes debout, couch\u00e9es, simples et doubles. LargeurLargeur d\u2019une traverse.<\/p>\n","protected":false},"excerpt":{"rendered":"<p>Dans la bo\u00eete de dialogue \u00ab\u00a0Configurer l\u2019armoire\u00a0\u00bb, l\u2019onglet \u00ab\u00a0Configurations\u00a0\u00bb permet d\u2019effectuer certaines pr\u00e9configurations fr\u00e9quemment n\u00e9cessaires. Tiroirs int\u00e9rieurs Cases \u00e0 cocher des segments Sp\u00e9cifie les segments pour lesquels les tiroirs internes sont cr\u00e9\u00e9s. Si, par exemple, des tiroirs doivent \u00eatre cr\u00e9\u00e9s pour les deux segments inf\u00e9rieurs et interm\u00e9diaires, ces deux segments doivent \u00e9galement \u00eatre pr\u00e9sents pour [&hellip;]<\/p>\n","protected":false},"author":1,"featured_media":0,"comment_status":"closed","ping_status":"open","sticky":false,"template":"","format":"standard","meta":{"ocean_post_layout":"","ocean_both_sidebars_style":"","ocean_both_sidebars_content_width":0,"ocean_both_sidebars_sidebars_width":0,"ocean_sidebar":"0","ocean_second_sidebar":"0","ocean_disable_margins":"enable","ocean_add_body_class":"","ocean_shortcode_before_top_bar":"","ocean_shortcode_after_top_bar":"","ocean_shortcode_before_header":"","ocean_shortcode_after_header":"","ocean_has_shortcode":"","ocean_shortcode_after_title":"","ocean_shortcode_before_footer_widgets":"","ocean_shortcode_after_footer_widgets":"","ocean_shortcode_before_footer_bottom":"","ocean_shortcode_after_footer_bottom":"","ocean_display_top_bar":"default","ocean_display_header":"default","ocean_header_style":"","ocean_center_header_left_menu":"0","ocean_custom_header_template":"0","ocean_custom_logo":0,"ocean_custom_retina_logo":0,"ocean_custom_logo_max_width":0,"ocean_custom_logo_tablet_max_width":0,"ocean_custom_logo_mobile_max_width":0,"ocean_custom_logo_max_height":0,"ocean_custom_logo_tablet_max_height":0,"ocean_custom_logo_mobile_max_height":0,"ocean_header_custom_menu":"0","ocean_menu_typo_font_family":"0","ocean_menu_typo_font_subset":"","ocean_menu_typo_font_size":0,"ocean_menu_typo_font_size_tablet":0,"ocean_menu_typo_font_size_mobile":0,"ocean_menu_typo_font_size_unit":"px","ocean_menu_typo_font_weight":"","ocean_menu_typo_font_weight_tablet":"","ocean_menu_typo_font_weight_mobile":"","ocean_menu_typo_transform":"","ocean_menu_typo_transform_tablet":"","ocean_menu_typo_transform_mobile":"","ocean_menu_typo_line_height":0,"ocean_menu_typo_line_height_tablet":0,"ocean_menu_typo_line_height_mobile":0,"ocean_menu_typo_line_height_unit":"","ocean_menu_typo_spacing":0,"ocean_menu_typo_spacing_tablet":0,"ocean_menu_typo_spacing_mobile":0,"ocean_menu_typo_spacing_unit":"","ocean_menu_link_color":"","ocean_menu_link_color_hover":"","ocean_menu_link_color_active":"","ocean_menu_link_background":"","ocean_menu_link_hover_background":"","ocean_menu_link_active_background":"","ocean_menu_social_links_bg":"","ocean_menu_social_hover_links_bg":"","ocean_menu_social_links_color":"","ocean_menu_social_hover_links_color":"","ocean_disable_title":"default","ocean_disable_heading":"default","ocean_post_title":"","ocean_post_subheading":"","ocean_post_title_style":"","ocean_post_title_background_color":"","ocean_post_title_background":0,"ocean_post_title_bg_image_position":"","ocean_post_title_bg_image_attachment":"","ocean_post_title_bg_image_repeat":"","ocean_post_title_bg_image_size":"","ocean_post_title_height":0,"ocean_post_title_bg_overlay":0.5,"ocean_post_title_bg_overlay_color":"","ocean_disable_breadcrumbs":"default","ocean_breadcrumbs_color":"","ocean_breadcrumbs_separator_color":"","ocean_breadcrumbs_links_color":"","ocean_breadcrumbs_links_hover_color":"","ocean_display_footer_widgets":"default","ocean_display_footer_bottom":"default","ocean_custom_footer_template":"0","ocean_post_oembed":"","ocean_post_self_hosted_media":"","ocean_post_video_embed":"","ocean_link_format":"","ocean_link_format_target":"self","ocean_quote_format":"","ocean_quote_format_link":"post","ocean_gallery_link_images":"on","ocean_gallery_id":[],"footnotes":""},"categories":[110],"tags":[250],"class_list":["post-3515","post","type-post","status-publish","format-standard","hentry","category-configuration-de-larmoire","tag-armoire-de-pre-configuration","entry"],"_links":{"self":[{"href":"https:\/\/wiki.edv-cad.de\/fr\/wp-json\/wp\/v2\/posts\/3515","targetHints":{"allow":["GET"]}}],"collection":[{"href":"https:\/\/wiki.edv-cad.de\/fr\/wp-json\/wp\/v2\/posts"}],"about":[{"href":"https:\/\/wiki.edv-cad.de\/fr\/wp-json\/wp\/v2\/types\/post"}],"author":[{"embeddable":true,"href":"https:\/\/wiki.edv-cad.de\/fr\/wp-json\/wp\/v2\/users\/1"}],"replies":[{"embeddable":true,"href":"https:\/\/wiki.edv-cad.de\/fr\/wp-json\/wp\/v2\/comments?post=3515"}],"version-history":[{"count":0,"href":"https:\/\/wiki.edv-cad.de\/fr\/wp-json\/wp\/v2\/posts\/3515\/revisions"}],"wp:attachment":[{"href":"https:\/\/wiki.edv-cad.de\/fr\/wp-json\/wp\/v2\/media?parent=3515"}],"wp:term":[{"taxonomy":"category","embeddable":true,"href":"https:\/\/wiki.edv-cad.de\/fr\/wp-json\/wp\/v2\/categories?post=3515"},{"taxonomy":"post_tag","embeddable":true,"href":"https:\/\/wiki.edv-cad.de\/fr\/wp-json\/wp\/v2\/tags?post=3515"}],"curies":[{"name":"wp","href":"https:\/\/api.w.org\/{rel}","templated":true}]}}